{"id":12,"count":47,"description":"","link":"https:\/\/museojudiodecordoba.org\/en\/artista\/lucas-jalowski\/","name":"Lucas Jalowski","slug":"lucas-jalowski","taxonomy":"artista","parent":0,"meta":[],"yoast_head":"<!-- This site is optimized with the Yoast SEO plugin v23.3 - https:\/\/yoast.com\/wordpress\/plugins\/seo\/ -->\n<title>Lucas Jalowski archivos - MUJU<\/title>\n<meta name=\"robots\" content=\"index, follow, max-snippet:-1, max-image-preview:large, max-video-preview:-1\" \/>\n<link rel=\"canonical\" href=\"https:\/\/museojudiodecordoba.org\/artista\/lucas-jalowski\/\" \/>\n<meta property=\"og:locale\" content=\"en_US\" \/>\n<meta property=\"og:type\" content=\"article\" \/>\n<meta property=\"og:title\" content=\"Lucas Jalowski archivos - MUJU\" \/>\n<meta property=\"og:url\" content=\"https:\/\/museojudiodecordoba.org\/artista\/lucas-jalowski\/\" \/>\n<meta property=\"og:site_name\" content=\"MUJU\" \/>\n<meta name=\"twitter:card\" content=\"summary_large_image\" \/>\n<script type=\"application\/ld+json\" class=\"yoast-schema-graph\">{\"@context\":\"https:\/\/schema.org\",\"@graph\":[{\"@type\":\"CollectionPage\",\"@id\":\"https:\/\/museojudiodecordoba.org\/artista\/lucas-jalowski\/\",\"url\":\"https:\/\/museojudiodecordoba.org\/artista\/lucas-jalowski\/\",\"name\":\"Lucas Jalowski archivos - MUJU\",\"isPartOf\":{\"@id\":\"https:\/\/museojudiodecordoba.org\/en\/#website\"},\"breadcrumb\":{\"@id\":\"https:\/\/museojudiodecordoba.org\/artista\/lucas-jalowski\/#breadcrumb\"},\"inLanguage\":\"en-US\"},{\"@type\":\"BreadcrumbList\",\"@id\":\"https:\/\/museojudiodecordoba.org\/artista\/lucas-jalowski\/#breadcrumb\",\"itemListElement\":[{\"@type\":\"ListItem\",\"position\":1,\"name\":\"Portada\",\"item\":\"https:\/\/museojudiodecordoba.org\/en\/\"},{\"@type\":\"ListItem\",\"position\":2,\"name\":\"Lucas Jalowski\"}]},{\"@type\":\"WebSite\",\"@id\":\"https:\/\/museojudiodecordoba.org\/en\/#website\",\"url\":\"https:\/\/museojudiodecordoba.org\/en\/\",\"name\":\"MUJU\",\"description\":\"\",\"potentialAction\":[{\"@type\":\"SearchAction\",\"target\":{\"@type\":\"EntryPoint\",\"urlTemplate\":\"https:\/\/museojudiodecordoba.org\/en\/?s={search_term_string}\"},\"query-input\":\"required name=search_term_string\"}],\"inLanguage\":\"en-US\"}]}<\/script>\n<!-- \/ Yoast SEO plugin. -->","yoast_head_json":{"title":"Lucas Jalowski archivos - MUJU","robots":{"index":"index","follow":"follow","max-snippet":"max-snippet:-1","max-image-preview":"max-image-preview:large","max-video-preview":"max-video-preview:-1"},"canonical":"https:\/\/museojudiodecordoba.org\/artista\/lucas-jalowski\/","og_locale":"en_US","og_type":"article","og_title":"Lucas Jalowski archivos - MUJU","og_url":"https:\/\/museojudiodecordoba.org\/artista\/lucas-jalowski\/","og_site_name":"MUJU","twitter_card":"summary_large_image","schema":{"@context":"https:\/\/schema.org","@graph":[{"@type":"CollectionPage","@id":"https:\/\/museojudiodecordoba.org\/artista\/lucas-jalowski\/","url":"https:\/\/museojudiodecordoba.org\/artista\/lucas-jalowski\/","name":"Lucas Jalowski archivos - MUJU","isPartOf":{"@id":"https:\/\/museojudiodecordoba.org\/en\/#website"},"breadcrumb":{"@id":"https:\/\/museojudiodecordoba.org\/artista\/lucas-jalowski\/#breadcrumb"},"inLanguage":"en-US"},{"@type":"BreadcrumbList","@id":"https:\/\/museojudiodecordoba.org\/artista\/lucas-jalowski\/#breadcrumb","itemListElement":[{"@type":"ListItem","position":1,"name":"Portada","item":"https:\/\/museojudiodecordoba.org\/en\/"},{"@type":"ListItem","position":2,"name":"Lucas Jalowski"}]},{"@type":"WebSite","@id":"https:\/\/museojudiodecordoba.org\/en\/#website","url":"https:\/\/museojudiodecordoba.org\/en\/","name":"MUJU","description":"","potentialAction":[{"@type":"SearchAction","target":{"@type":"EntryPoint","urlTemplate":"https:\/\/museojudiodecordoba.org\/en\/?s={search_term_string}"},"query-input":"required name=search_term_string"}],"inLanguage":"en-US"}]}},"acf":{"biografia_artista":"<p>Nace en C\u00f3rdoba, Argentina, en octubre de \u00a01980. Es pintor, dibujante y arquitecto (UNC). Se form\u00f3 en los talleres de Celia Pecini, Eumelia Bravo, Jorge Torres y Dante Montich. Realiz\u00f3 Cl\u00ednica de obra con Rafael Cippolini, Ver\u00f3nica G\u00f3mez, Eduardo Stup\u00eda, Ernesto Ballesteros, Andr\u00e9s Labak\u00e9 y Diana Aisenberg. Fue becario del Fondo Nacional de las Artes en tres oportunidades (2013, 2014 y 2018). Fue residente seleccionado en la \u00a0Residencia Furiosa de Dibujo, \u00a0Rosario (2017).<\/p>\n","foto_de_perfil":"https:\/\/museojudiodecordoba.org\/wp-content\/uploads\/2020\/09\/10450133_857026814347965_147451501457935305_n.jpg","imagen_destacada_galeria":false,"biografia_extendida":"<p><strong>Exposiciones individuales:<\/strong> \u201cLos ba\u00f1istas\u201d, Museo Provincial de Bellas Artes Emilio Caraffa (2018), \u201cProscenio\u201d, Galer\u00eda Esaa (2015), Galer\u00eda Bluma (2013)\u00a0 y Alianza Francesa de C\u00f3rdoba (1993).<\/p>\n<p><strong>Exposiciones Colectivas:<\/strong> \u201cFestival Baaex\u201d Hip\u00f3dromo de Palermo, 2020; \u201cDesterritorios\u201d, Galer\u00eda Sasha D, C\u00f3rdoba (2019), \u00a0\u201cEl viaje\u201d CFI, Buenos Aires, (2017); \u201c11+1\u201d, Centro de Arte Contempor\u00e1neo, C\u00f3rdoba<br \/>\n(2016); \u201cTransparent\/ Opaque\u201d,\u00a0 Bienal de Arte de Jerusal\u00e9n (2015); \u201cT\u00e1cito\u201d, Museo Caraffa, C\u00f3rdoba (2012); \u201c La escenificaci\u00f3n del espacio humano\u201d, Casa de Pepino, C\u00f3rdoba (2012); \u201cPanorama 2, Nuevos Artistas\u201d, Centro de Arte Contempor\u00e1neo, C\u00f3rdoba (2003); \u201cDiez j\u00f3venes emergentes\u201d, Galer\u00eda Cerrito, C\u00f3rdoba (2003).<\/p>\n<p><strong>Finalista en salones:<\/strong> Sal\u00f3n Manuel Belgrano (2019); Bienal Premio Federal (2019), Concurso de Artes Visuales del Fondo Nacional de las Artes ( 2017); \u00a0Sal\u00f3n Nacional de Artes Visuales, (2017); Premio de\u00a0 Pintura del Banco Central de la Rep\u00fablica Argentina (2016); Bienal de Rafaela (2015); Sal\u00f3n de Pintura del Banco de la Naci\u00f3n Argentina (2012 y 2015); Premio Ciudad de C\u00f3rdoba ( 2014); Bienal Federal CFI (2013) y Premio de Pintura Banco de C\u00f3rdoba (2011, 2012 y 2014).<\/p>\n<p><strong>Premios y distinciones:<\/strong> Primer Premio en el Sal\u00f3n de Pintura F\u00e9lix Amador (2017); la Menci\u00f3n Especial del Jurado en la Bienal Federal CFI (2017); Segundo Premio Categor\u00eda\u00a0 Pintura, \u00a0Bienal Federal CFI (2015); Menci\u00f3n del Jurado, Premio de Pintura Bancor (2015); la Tercera Menci\u00f3n Especial del Jurado en el Premio Ciudad de C\u00f3rdoba (2013); Menci\u00f3n Adquisici\u00f3n en el Premio de Pintura del Banco Central (2012)\u00a0 y el Primer Premio en el Encuentro de Pintura Paisajista de la Comuna de los Reartes (2009).<\/p>\n"},"_links":{"self":[{"href":"https:\/\/museojudiodecordoba.org\/en\/wp-json\/wp\/v2\/artista\/12","targetHints":{"allow":["GET"]}}],"collection":[{"href":"https:\/\/museojudiodecordoba.org\/en\/wp-json\/wp\/v2\/artista"}],"about":[{"href":"https:\/\/museojudiodecordoba.org\/en\/wp-json\/wp\/v2\/taxonomies\/artista"}],"wp:post_type":[{"href":"https:\/\/museojudiodecordoba.org\/en\/wp-json\/wp\/v2\/galeriaitinerante?artista=12"},{"href":"https:\/\/museojudiodecordoba.org\/en\/wp-json\/wp\/v2\/obras?artista=12"}],"curies":[{"name":"wp","href":"https:\/\/api.w.org\/{rel}","templated":true}]}}