{"id":196,"count":26,"description":"","link":"https:\/\/museojudiodecordoba.org\/iw\/artista\/sara-goldman\/","name":"Sara Goldman","slug":"sara-goldman","taxonomy":"artista","parent":0,"meta":[],"yoast_head":"<!-- This site is optimized with the Yoast SEO plugin v23.3 - https:\/\/yoast.com\/wordpress\/plugins\/seo\/ -->\n<title>Sara Goldman archivos - MUJU<\/title>\n<meta name=\"robots\" content=\"index, follow, max-snippet:-1, max-image-preview:large, max-video-preview:-1\" \/>\n<link rel=\"canonical\" href=\"https:\/\/museojudiodecordoba.org\/artista\/sara-goldman\/\" \/>\n<meta property=\"og:locale\" content=\"en_US\" \/>\n<meta property=\"og:type\" content=\"article\" \/>\n<meta property=\"og:title\" content=\"Sara Goldman archivos - MUJU\" \/>\n<meta property=\"og:url\" content=\"https:\/\/museojudiodecordoba.org\/artista\/sara-goldman\/\" \/>\n<meta property=\"og:site_name\" content=\"MUJU\" \/>\n<meta name=\"twitter:card\" content=\"summary_large_image\" \/>\n<script type=\"application\/ld+json\" class=\"yoast-schema-graph\">{\"@context\":\"https:\/\/schema.org\",\"@graph\":[{\"@type\":\"CollectionPage\",\"@id\":\"https:\/\/museojudiodecordoba.org\/artista\/sara-goldman\/\",\"url\":\"https:\/\/museojudiodecordoba.org\/artista\/sara-goldman\/\",\"name\":\"Sara Goldman archivos - MUJU\",\"isPartOf\":{\"@id\":\"https:\/\/museojudiodecordoba.org\/en\/#website\"},\"breadcrumb\":{\"@id\":\"https:\/\/museojudiodecordoba.org\/artista\/sara-goldman\/#breadcrumb\"},\"inLanguage\":\"iw-IL\"},{\"@type\":\"BreadcrumbList\",\"@id\":\"https:\/\/museojudiodecordoba.org\/artista\/sara-goldman\/#breadcrumb\",\"itemListElement\":[{\"@type\":\"ListItem\",\"position\":1,\"name\":\"Portada\",\"item\":\"https:\/\/museojudiodecordoba.org\/en\/\"},{\"@type\":\"ListItem\",\"position\":2,\"name\":\"Sara Goldman\"}]},{\"@type\":\"WebSite\",\"@id\":\"https:\/\/museojudiodecordoba.org\/en\/#website\",\"url\":\"https:\/\/museojudiodecordoba.org\/en\/\",\"name\":\"MUJU\",\"description\":\"\",\"potentialAction\":[{\"@type\":\"SearchAction\",\"target\":{\"@type\":\"EntryPoint\",\"urlTemplate\":\"https:\/\/museojudiodecordoba.org\/en\/?s={search_term_string}\"},\"query-input\":\"required name=search_term_string\"}],\"inLanguage\":\"iw-IL\"}]}<\/script>\n<!-- \/ Yoast SEO plugin. -->","yoast_head_json":{"title":"Sara Goldman archivos - MUJU","robots":{"index":"index","follow":"follow","max-snippet":"max-snippet:-1","max-image-preview":"max-image-preview:large","max-video-preview":"max-video-preview:-1"},"canonical":"https:\/\/museojudiodecordoba.org\/artista\/sara-goldman\/","og_locale":"en_US","og_type":"article","og_title":"Sara Goldman archivos - MUJU","og_url":"https:\/\/museojudiodecordoba.org\/artista\/sara-goldman\/","og_site_name":"MUJU","twitter_card":"summary_large_image","schema":{"@context":"https:\/\/schema.org","@graph":[{"@type":"CollectionPage","@id":"https:\/\/museojudiodecordoba.org\/artista\/sara-goldman\/","url":"https:\/\/museojudiodecordoba.org\/artista\/sara-goldman\/","name":"Sara Goldman archivos - MUJU","isPartOf":{"@id":"https:\/\/museojudiodecordoba.org\/en\/#website"},"breadcrumb":{"@id":"https:\/\/museojudiodecordoba.org\/artista\/sara-goldman\/#breadcrumb"},"inLanguage":"iw-IL"},{"@type":"BreadcrumbList","@id":"https:\/\/museojudiodecordoba.org\/artista\/sara-goldman\/#breadcrumb","itemListElement":[{"@type":"ListItem","position":1,"name":"Portada","item":"https:\/\/museojudiodecordoba.org\/en\/"},{"@type":"ListItem","position":2,"name":"Sara Goldman"}]},{"@type":"WebSite","@id":"https:\/\/museojudiodecordoba.org\/en\/#website","url":"https:\/\/museojudiodecordoba.org\/en\/","name":"MUJU","description":"","potentialAction":[{"@type":"SearchAction","target":{"@type":"EntryPoint","urlTemplate":"https:\/\/museojudiodecordoba.org\/en\/?s={search_term_string}"},"query-input":"required name=search_term_string"}],"inLanguage":"iw-IL"}]}},"acf":{"imagen_destacada_galeria":"https:\/\/museojudiodecordoba.org\/wp-content\/uploads\/2021\/07\/Toma_B_web_02.jpg","foto_de_perfil":"https:\/\/museojudiodecordoba.org\/wp-content\/uploads\/2021\/07\/Sara-Goldman-pic.jpeg","biografia_artista":"<p>Sara Goldman naci\u00f3 en 1957 en C\u00f3rdoba, Argentina, donde vive y trabaja.<br \/>\nEs artista visual y sus obras son creadas a partir de materiales de desecho que reutiliza -y resignifica- para crear instalaciones singulares en peque\u00f1a y gran escala.<br \/>\nParticip\u00f3 de muestras individuales y colectivas en C\u00f3rdoba y el resto del pa\u00eds.<br \/>\nEstudi\u00f3 arquitectura durante sus primeros a\u00f1os universitarios y posteriormente se gradu\u00f3 como docente en Artes Pl\u00e1sticas en la Escuela Superior de Bellas Artes Dr. Jos\u00e9 Figueroa Alcorta de C\u00f3rdoba, donde tambi\u00e9n realiz\u00f3 la Diplomatura en Escultura.<br \/>\nEstudi\u00f3 arte textil con Graciela Szamrrey, Ana Mazzoni y el Profesor Luis Negrotti en Buenos Aires; dise\u00f1o con el Arquitecto Gonzalo Vivian; concurri\u00f3 al taller de Ana Luisa Bondone y curs\u00f3 el posgrado en Dise\u00f1o Experimental, dictado en la Universidad Cat\u00f3lica de C\u00f3rdoba, a cargo del Arquitecto C\u00e9sar Naselli.<br \/>\nDesde 2019 toma cl\u00ednica de arte con Daniel Fischer.<br \/>\nEs miembro de la Asociaci\u00f3n de Amigos del Museo Caraffa.<br \/>\nhttp:\/\/www.saragoldman.com.ar<br \/>\n@saragoldmancba<\/p>\n","biografia_extendida":""},"_links":{"self":[{"href":"https:\/\/museojudiodecordoba.org\/iw\/wp-json\/wp\/v2\/artista\/196","targetHints":{"allow":["GET"]}}],"collection":[{"href":"https:\/\/museojudiodecordoba.org\/iw\/wp-json\/wp\/v2\/artista"}],"about":[{"href":"https:\/\/museojudiodecordoba.org\/iw\/wp-json\/wp\/v2\/taxonomies\/artista"}],"wp:post_type":[{"href":"https:\/\/museojudiodecordoba.org\/iw\/wp-json\/wp\/v2\/galeriaitinerante?artista=196"},{"href":"https:\/\/museojudiodecordoba.org\/iw\/wp-json\/wp\/v2\/obras?artista=196"}],"curies":[{"name":"wp","href":"https:\/\/api.w.org\/{rel}","templated":true}]}}