{"id":197,"count":78,"description":"","link":"https:\/\/museojudiodecordoba.org\/iw\/artista\/edith-strahman\/","name":"Edith Strahman","slug":"edith-strahman","taxonomy":"artista","parent":0,"meta":[],"yoast_head":"<!-- This site is optimized with the Yoast SEO plugin v23.3 - https:\/\/yoast.com\/wordpress\/plugins\/seo\/ -->\n<title>Edith Strahman archivos - MUJU<\/title>\n<meta name=\"robots\" content=\"index, follow, max-snippet:-1, max-image-preview:large, max-video-preview:-1\" \/>\n<link rel=\"canonical\" href=\"https:\/\/museojudiodecordoba.org\/artista\/edith-strahman\/\" \/>\n<meta property=\"og:locale\" content=\"en_US\" \/>\n<meta property=\"og:type\" content=\"article\" \/>\n<meta property=\"og:title\" content=\"Edith Strahman archivos - MUJU\" \/>\n<meta property=\"og:url\" content=\"https:\/\/museojudiodecordoba.org\/artista\/edith-strahman\/\" \/>\n<meta property=\"og:site_name\" content=\"MUJU\" \/>\n<meta name=\"twitter:card\" content=\"summary_large_image\" \/>\n<script type=\"application\/ld+json\" class=\"yoast-schema-graph\">{\"@context\":\"https:\/\/schema.org\",\"@graph\":[{\"@type\":\"CollectionPage\",\"@id\":\"https:\/\/museojudiodecordoba.org\/artista\/edith-strahman\/\",\"url\":\"https:\/\/museojudiodecordoba.org\/artista\/edith-strahman\/\",\"name\":\"Edith Strahman archivos - MUJU\",\"isPartOf\":{\"@id\":\"https:\/\/museojudiodecordoba.org\/en\/#website\"},\"breadcrumb\":{\"@id\":\"https:\/\/museojudiodecordoba.org\/artista\/edith-strahman\/#breadcrumb\"},\"inLanguage\":\"iw-IL\"},{\"@type\":\"BreadcrumbList\",\"@id\":\"https:\/\/museojudiodecordoba.org\/artista\/edith-strahman\/#breadcrumb\",\"itemListElement\":[{\"@type\":\"ListItem\",\"position\":1,\"name\":\"Portada\",\"item\":\"https:\/\/museojudiodecordoba.org\/en\/\"},{\"@type\":\"ListItem\",\"position\":2,\"name\":\"Edith Strahman\"}]},{\"@type\":\"WebSite\",\"@id\":\"https:\/\/museojudiodecordoba.org\/en\/#website\",\"url\":\"https:\/\/museojudiodecordoba.org\/en\/\",\"name\":\"MUJU\",\"description\":\"\",\"potentialAction\":[{\"@type\":\"SearchAction\",\"target\":{\"@type\":\"EntryPoint\",\"urlTemplate\":\"https:\/\/museojudiodecordoba.org\/en\/?s={search_term_string}\"},\"query-input\":\"required name=search_term_string\"}],\"inLanguage\":\"iw-IL\"}]}<\/script>\n<!-- \/ Yoast SEO plugin. -->","yoast_head_json":{"title":"Edith Strahman archivos - MUJU","robots":{"index":"index","follow":"follow","max-snippet":"max-snippet:-1","max-image-preview":"max-image-preview:large","max-video-preview":"max-video-preview:-1"},"canonical":"https:\/\/museojudiodecordoba.org\/artista\/edith-strahman\/","og_locale":"en_US","og_type":"article","og_title":"Edith Strahman archivos - MUJU","og_url":"https:\/\/museojudiodecordoba.org\/artista\/edith-strahman\/","og_site_name":"MUJU","twitter_card":"summary_large_image","schema":{"@context":"https:\/\/schema.org","@graph":[{"@type":"CollectionPage","@id":"https:\/\/museojudiodecordoba.org\/artista\/edith-strahman\/","url":"https:\/\/museojudiodecordoba.org\/artista\/edith-strahman\/","name":"Edith Strahman archivos - MUJU","isPartOf":{"@id":"https:\/\/museojudiodecordoba.org\/en\/#website"},"breadcrumb":{"@id":"https:\/\/museojudiodecordoba.org\/artista\/edith-strahman\/#breadcrumb"},"inLanguage":"iw-IL"},{"@type":"BreadcrumbList","@id":"https:\/\/museojudiodecordoba.org\/artista\/edith-strahman\/#breadcrumb","itemListElement":[{"@type":"ListItem","position":1,"name":"Portada","item":"https:\/\/museojudiodecordoba.org\/en\/"},{"@type":"ListItem","position":2,"name":"Edith Strahman"}]},{"@type":"WebSite","@id":"https:\/\/museojudiodecordoba.org\/en\/#website","url":"https:\/\/museojudiodecordoba.org\/en\/","name":"MUJU","description":"","potentialAction":[{"@type":"SearchAction","target":{"@type":"EntryPoint","urlTemplate":"https:\/\/museojudiodecordoba.org\/en\/?s={search_term_string}"},"query-input":"required name=search_term_string"}],"inLanguage":"iw-IL"}]}},"acf":{"imagen_destacada_galeria":"https:\/\/museojudiodecordoba.org\/wp-content\/uploads\/2021\/09\/de-y-para-Gal-30-x1-2018-1.png","foto_de_perfil":"https:\/\/museojudiodecordoba.org\/wp-content\/uploads\/2021\/07\/Edith-2021-.jpg","biografia_artista":"<h3>Edith Strahman<\/h3>\n<h3>C\u00f3rdoba. Argentina- 1957.<\/h3>\n<h3>edith.strahman@gmail.com<\/h3>\n<p><strong>Arquitecta<\/strong>. <em>Profesora Titular<\/em> FAUD UNC (Teor\u00eda y M\u00e9todos B- Arquitectura, Arte y Filosof\u00eda: Interacciones Proyectuales).<\/p>\n<p>Estudios en escuela de Artes UNC y en talleres de artistas pl\u00e1sticos <em>Benjam\u00edn Krivoruk<\/em>, <em>Gonzalo Vivi\u00e1n<\/em> y <em>Ra\u00fal Teppa <\/em>(en Cba.).<em> Joseph Loven<\/em> (en Israel).<\/p>\n<p><strong>Muestras individuales: <\/strong><\/p>\n<p>\u201c<em>Destellos y abismos<\/em>\u201d. Galer\u00eda Maika. Unquillo C\u00f3rdoba. 2015<\/p>\n<p><em>\u201cCiudad_es\u201d <\/em>Centro Cultural Mar\u00eda Casta\u00f1a. Tucum\u00e1n 260.C\u00f3rdoba. 2014.<\/p>\n<p>\u201c<em>In memoriam Manuel<\/em>\u201d Templo Beit Israel 2013<\/p>\n<p>\u201c<em>Paisajes de Vuelta<\/em>\u201d pinturas. Galer\u00eda espacio Once 29. 2011<\/p>\n<p><em>&#8220;Serie de las Piedras&#8221;,<\/em> 40 obras. Museo Timoteo Navarro, San Miguel de Tucum\u00e1n.<\/p>\n<p><em>&#8220;Serie de las Piedras&#8221;,<\/em> \u00a0Asociaci\u00f3n Riocuartense de pl\u00e1sticos. R\u00edo IV,\u00a0 C\u00f3rdoba.1998.<\/p>\n<p><em>\u201cPiedras\u201d. <\/em>Colegio de Arquitectos de C\u00f3rdoba. Regional I. 1998<\/p>\n<p>&nbsp;<\/p>\n","biografia_extendida":"<p><strong>Muestras colectivas<\/strong>:<\/p>\n<p>Muestra itinerante \u201c<em>No fue juego. Historias de futbol durante el nazismo y el holocausto.\u201d<\/em> Espacio Aleph. Alvear 254. C\u00f3rdoba. Obra &#8220;<em>pelota manchada. In memoriam Julius Hirsch&#8221;<\/em>. 6 de abril 2019.<\/p>\n<p>\u201c<em>Contra viento y marea<\/em>\u201d MAIKA, galer\u00eda de arte Unquillo. 2015; \u201c<em>Confluencia<\/em>\u201d con Pancho Sarr\u00eda y Rodolfo Gonz\u00e1lez del Solar. Curadora Vanina Segu\u00ed. Camino Real Plaza Hotel. Totoral. C\u00f3rdoba. 2012; \u201c<em>Confluencia<\/em>\u201d \u00a0en Casa de la Cultura, Villa Allende. C\u00f3rdoba. Agosto y Setiembre de 2012; Sal\u00f3n de Artes Visuales \u201cCincuentenario de la FAUD UNC\u201d. Pabell\u00f3n Argentina, Ciudad Univers. C\u00f3rdoba 2004: Sal\u00f3n Nacional \u201cLa Mujer y su Protagonismo Cultural\u201d Museo Pcial. de Bellas Artes, La Plata.1998; IV Sal\u00f3n Nacional de Pintura Domingo J. Martinez, Villa Mar\u00eda, Cba. 1996; Sal\u00f3n Anual de Pintura Domingo J. Martinez. Villa Mar\u00eda, C\u00f3rdoba. 1996; IV Sal\u00f3n Nacional Pintura Regi\u00f3n Norte, Avon con la Mujer, Museo Pcial. de Bellas Artes Arias Rengel, Salta. 1996; Muestra Selecci\u00f3n Zona IV, Premios Banco Mayorista\u00a0 del Plata, Cabildo hist\u00f3rico de Cba. 1995; III Sal\u00f3n Nacional Avon con la Mujer, Museo Provincial Ram\u00f3n G\u00f3mez Cornet, Santiago del Estero. 1995; Sal\u00f3n Provincial de Pintura Domingo J Mart\u00ednez. Villa Mar\u00eda, C\u00f3rdoba. 1994; XVIII Sal\u00f3n y Premio \u201cCiudad de C\u00f3rdoba\u201d. 1994; Muestra \u201cIn Memoriam AMIA\u201d Imagen y pensamiento en solidaridad para la vida. Centro Munic. de Exposiciones Jos\u00e9 Malanca, Cba. 1994; Muestra: &#8220;<em>Pinturas de la tierra y el agua&#8221;.<\/em> Galer\u00eda Sonia Leavy, C\u00f3rdoba. 1993; 1er Sal\u00f3n Provincial Homenaje a Manuel Reyna. Centro Cultural General Paz. Cba.1991; IX Sal\u00f3n Provincial de Pintura, Asociaci\u00f3n Cultural Las Varillas, C\u00f3rdoba.1990.<\/p>\n<p><strong>Premios:<\/strong><\/p>\n<p>Menci\u00f3n, Sal\u00f3n Nacional de Pintura \u201cFernando Fader\u201d. Museo Prov. de Bellas Artes. Mendoza 1997.<\/p>\n<p>Menci\u00f3n del Jurado Fundaci\u00f3n Nuevo Banco Industrial\u00a0 de Azul, Sal\u00f3n Nacional de Pintura, Azul, Buenos Aires. 1997.<\/p>\n<p>Primer premio Dibujo. IV Sal\u00f3n de Arte y Artesan\u00edas Carlos Camiloni. Organizado por la FAU-UNC, en Centro Cultural General Paz, C\u00f3rdoba. 1986<\/p>\n<p>Menci\u00f3n especial Segundo Sal\u00f3n Juvenil de Pintura- Sociedad Dante Alighieri.1985.<\/p>\n<p>Premio Selecci\u00f3n, Concurso Nacional de Croquis &#8220;El Paisaje Urbano&#8221;, Fondo Nacional de las Artes.\u00a0 1986. Primera Menci\u00f3n de Honor- Concurso Provincial de Croquis &#8220;C\u00f3rdoba y su Paisaje Urbano&#8221;. Tercer premio en concurso de Manchas &#8220;Los colores del oto\u00f1o&#8221;, APAC.1998.<\/p>\n"},"_links":{"self":[{"href":"https:\/\/museojudiodecordoba.org\/iw\/wp-json\/wp\/v2\/artista\/197","targetHints":{"allow":["GET"]}}],"collection":[{"href":"https:\/\/museojudiodecordoba.org\/iw\/wp-json\/wp\/v2\/artista"}],"about":[{"href":"https:\/\/museojudiodecordoba.org\/iw\/wp-json\/wp\/v2\/taxonomies\/artista"}],"wp:post_type":[{"href":"https:\/\/museojudiodecordoba.org\/iw\/wp-json\/wp\/v2\/galeriaitinerante?artista=197"},{"href":"https:\/\/museojudiodecordoba.org\/iw\/wp-json\/wp\/v2\/obras?artista=197"}],"curies":[{"name":"wp","href":"https:\/\/api.w.org\/{rel}","templated":true}]}}